{"id":189,"date":"2017-11-03T10:43:26","date_gmt":"2017-11-03T09:43:26","guid":{"rendered":"http:\/\/mastocytoza.e-ngo.pl\/?p=189"},"modified":"2018-02-20T11:00:09","modified_gmt":"2018-02-20T10:00:09","slug":"189","status":"publish","type":"post","link":"http:\/\/mastocytoza.e-ngo.pl\/?p=189","title":{"rendered":"Konferencja EUROPLAN"},"content":{"rendered":"<p>W dniach 14-15 grudnia odb\u0119dzie si\u0119 konferencja EUROPLAN &#8211; Polska dla Chor\u00f3b Rzadkich, w kt\u00f3rej wezm\u0105 udzia\u0142 przedstawiciele Stowarzyszenia Chorych na Mastocytoz\u0119. Konferencja po\u0142\u0105czona jest z dzia\u0142aniami o charakterze \u015bwiadomo\u015bciowym i popularyzuj\u0105cym problematyk\u0119 chor\u00f3b rzadkich.<\/p>\n<p><img loading=\"lazy\" decoding=\"async\" class=\"alignnone size-medium wp-image-152\" src=\"http:\/\/mastocytoza.e-ngo.pl\/wp-content\/uploads\/2017\/01\/image003-300x41.jpg\" alt=\"\" width=\"300\" height=\"41\" srcset=\"http:\/\/mastocytoza.e-ngo.pl\/wp-content\/uploads\/2017\/01\/image003-300x41.jpg 300w, http:\/\/mastocytoza.e-ngo.pl\/wp-content\/uploads\/2017\/01\/image003.jpg 668w\" sizes=\"auto, (max-width: 300px) 100vw, 300px\" \/><\/p>\n","protected":false},"excerpt":{"rendered":"<p>W dniach 14-15 grudnia odb\u0119dzie si\u0119 konferencja EUROPLAN &#8211; Polska dla Chor\u00f3b Rzadkich, w kt\u00f3rej wezm\u0105 udzia\u0142 przedstawiciele Stowarzyszenia Chorych na Mastocytoz\u0119. Konferencja po\u0142\u0105czona jest z dzia\u0142aniami o charakterze \u015bwiadomo\u015bciowym <a class=\"more-link\" href=\"http:\/\/mastocytoza.e-ngo.pl\/?p=189\">Read More &#8230;<\/a><\/p>\n","protected":false},"author":1,"featured_media":195,"comment_status":"open","ping_status":"open","sticky":false,"template":"","format":"standard","meta":{"footnotes":""},"categories":[1],"tags":[],"class_list":["post-189","post","type-post","status-publish","format-standard","has-post-thumbnail","hentry","category-bez-kategorii"],"_links":{"self":[{"href":"http:\/\/mastocytoza.e-ngo.pl\/index.php?rest_route=\/wp\/v2\/posts\/189","targetHints":{"allow":["GET"]}}],"collection":[{"href":"http:\/\/mastocytoza.e-ngo.pl\/index.php?rest_route=\/wp\/v2\/posts"}],"about":[{"href":"http:\/\/mastocytoza.e-ngo.pl\/index.php?rest_route=\/wp\/v2\/types\/post"}],"author":[{"embeddable":true,"href":"http:\/\/mastocytoza.e-ngo.pl\/index.php?rest_route=\/wp\/v2\/users\/1"}],"replies":[{"embeddable":true,"href":"http:\/\/mastocytoza.e-ngo.pl\/index.php?rest_route=%2Fwp%2Fv2%2Fcomments&post=189"}],"version-history":[{"count":2,"href":"http:\/\/mastocytoza.e-ngo.pl\/index.php?rest_route=\/wp\/v2\/posts\/189\/revisions"}],"predecessor-version":[{"id":191,"href":"http:\/\/mastocytoza.e-ngo.pl\/index.php?rest_route=\/wp\/v2\/posts\/189\/revisions\/191"}],"wp:featuredmedia":[{"embeddable":true,"href":"http:\/\/mastocytoza.e-ngo.pl\/index.php?rest_route=\/wp\/v2\/media\/195"}],"wp:attachment":[{"href":"http:\/\/mastocytoza.e-ngo.pl\/index.php?rest_route=%2Fwp%2Fv2%2Fmedia&parent=189"}],"wp:term":[{"taxonomy":"category","embeddable":true,"href":"http:\/\/mastocytoza.e-ngo.pl\/index.php?rest_route=%2Fwp%2Fv2%2Fcategories&post=189"},{"taxonomy":"post_tag","embeddable":true,"href":"http:\/\/mastocytoza.e-ngo.pl\/index.php?rest_route=%2Fwp%2Fv2%2Ftags&post=189"}],"curies":[{"name":"wp","href":"https:\/\/api.w.org\/{rel}","templated":true}]}}