{"id":211,"date":"2018-02-27T17:30:44","date_gmt":"2018-02-27T16:30:44","guid":{"rendered":"http:\/\/mastocytoza.e-ngo.pl\/?p=211"},"modified":"2018-03-01T14:44:03","modified_gmt":"2018-03-01T13:44:03","slug":"swiatowy-dzien-chorob-rzadkich","status":"publish","type":"post","link":"http:\/\/mastocytoza.e-ngo.pl\/?p=211","title":{"rendered":"\u015awiatowy Dzie\u0144 Chor\u00f3b Rzadkich"},"content":{"rendered":"<p>28 lutego 2018 r. odb\u0119d\u0105 si\u0119 po raz jedenasty na \u015bwiecie, a po raz \u00f3smy w Polsce, obchody \u015awiatowego Dnia Chor\u00f3b Rzadkich. Polska jest jednym z niemal 100 kraj\u00f3w na ca\u0142ym \u015bwiecie, kt\u00f3ry cyklicznie anga\u017cuje si\u0119 w jego obchody.<br \/>\nW 2018 roku motywem przewodnim s\u0105 BADANIA. Badania s\u0105 kluczem, przynosz\u0105 nadziej\u0119 milionom ludzi na ca\u0142ym \u015bwiecie, kt\u00f3rzy cierpi\u0105 na rzadk\u0105 chorob\u0119.<\/p>\n<p><iframe loading=\"lazy\" width=\"690\" height=\"388\" src=\"https:\/\/www.youtube.com\/embed\/SL_vV2GVxlU?feature=oembed\" frameborder=\"0\" allow=\"autoplay; encrypted-media\" allowfullscreen><\/iframe><\/p>\n","protected":false},"excerpt":{"rendered":"<p>28 lutego 2018 r. odb\u0119d\u0105 si\u0119 po raz jedenasty na \u015bwiecie, a po raz \u00f3smy w Polsce, obchody \u015awiatowego Dnia Chor\u00f3b Rzadkich. Polska jest jednym z niemal 100 kraj\u00f3w na <a class=\"more-link\" href=\"http:\/\/mastocytoza.e-ngo.pl\/?p=211\">Read More &#8230;<\/a><\/p>\n","protected":false},"author":1,"featured_media":218,"comment_status":"open","ping_status":"open","sticky":false,"template":"","format":"standard","meta":{"footnotes":""},"categories":[1],"tags":[9],"class_list":["post-211","post","type-post","status-publish","format-standard","has-post-thumbnail","hentry","category-bez-kategorii","tag-showyourrare-eurordis-rarediseaseday-mastocytosis-mcas"],"_links":{"self":[{"href":"http:\/\/mastocytoza.e-ngo.pl\/index.php?rest_route=\/wp\/v2\/posts\/211","targetHints":{"allow":["GET"]}}],"collection":[{"href":"http:\/\/mastocytoza.e-ngo.pl\/index.php?rest_route=\/wp\/v2\/posts"}],"about":[{"href":"http:\/\/mastocytoza.e-ngo.pl\/index.php?rest_route=\/wp\/v2\/types\/post"}],"author":[{"embeddable":true,"href":"http:\/\/mastocytoza.e-ngo.pl\/index.php?rest_route=\/wp\/v2\/users\/1"}],"replies":[{"embeddable":true,"href":"http:\/\/mastocytoza.e-ngo.pl\/index.php?rest_route=%2Fwp%2Fv2%2Fcomments&post=211"}],"version-history":[{"count":2,"href":"http:\/\/mastocytoza.e-ngo.pl\/index.php?rest_route=\/wp\/v2\/posts\/211\/revisions"}],"predecessor-version":[{"id":215,"href":"http:\/\/mastocytoza.e-ngo.pl\/index.php?rest_route=\/wp\/v2\/posts\/211\/revisions\/215"}],"wp:featuredmedia":[{"embeddable":true,"href":"http:\/\/mastocytoza.e-ngo.pl\/index.php?rest_route=\/wp\/v2\/media\/218"}],"wp:attachment":[{"href":"http:\/\/mastocytoza.e-ngo.pl\/index.php?rest_route=%2Fwp%2Fv2%2Fmedia&parent=211"}],"wp:term":[{"taxonomy":"category","embeddable":true,"href":"http:\/\/mastocytoza.e-ngo.pl\/index.php?rest_route=%2Fwp%2Fv2%2Fcategories&post=211"},{"taxonomy":"post_tag","embeddable":true,"href":"http:\/\/mastocytoza.e-ngo.pl\/index.php?rest_route=%2Fwp%2Fv2%2Ftags&post=211"}],"curies":[{"name":"wp","href":"https:\/\/api.w.org\/{rel}","templated":true}]}}