{"id":230,"date":"2018-10-19T18:13:39","date_gmt":"2018-10-19T16:13:39","guid":{"rendered":"http:\/\/mastocytoza.e-ngo.pl\/?p=230"},"modified":"2018-10-19T19:13:17","modified_gmt":"2018-10-19T17:13:17","slug":"20-pazdziernika-jest-pierwszym-w-historii-miedzynarodowym-dniem-mastocytozy-i-chorob-komorek-tucznych","status":"publish","type":"post","link":"http:\/\/mastocytoza.e-ngo.pl\/?p=230","title":{"rendered":"Mi\u0119dzynarodowy Dzie\u0144 Mastocytozy i Chor\u00f3b Kom\u00f3rek Tucznych"},"content":{"rendered":"<p style=\"text-align: center;\"><span style=\"color: #ff00ff;\"><strong>20 pa\u017adziernika<\/strong><\/span><br \/>\n<span style=\"color: #ff00ff;\"><strong>jest pierwszym w historii Mi\u0119dzynarodowym Dniem Mastocytozy i<br \/>\nChor\u00f3b Kom\u00f3rek Tucznych<\/strong><\/span><\/p>\n<p><strong><br \/>\n<\/strong>Jeste\u015bmy bardzo szcz\u0119\u015bliwi i podekscytowani, \u017ce mo\u017cemy bra\u0107 udzia\u0142 w organizacji tego szczeg\u00f3lnego dla nas wszystkich dnia oraz w tworzeniu nowej, mi\u0119dzynarodowej strony internetowej.<\/p>\n<p style=\"text-align: center;\"><a href=\"http:\/\/mastocytosis-mcas.org\/\"><span style=\"color: #ff00ff;\"><strong>http:\/\/mastocytosis-mcas.org<\/strong><\/span><\/a><\/p>\n<p>Naszym celem jest aby strona internetowa po\u0142\u0105czy\u0142a naukowc\u00f3w, lekarzy i pacjent\u00f3w z ca\u0142ego \u015bwiata, tak aby\u015bmy wszyscy mogli podzieli\u0107 si\u0119 swoimi kontaktami grup wsparcia i informacjami o leczeniu.<\/p>\n<p>W programie tym uczestnicz\u0105 23 grupy i stowarzyszenia z ca\u0142ego \u015bwiata, a inne mog\u0105 do nas do\u0142\u0105czy\u0107 w ka\u017cdej chwili. Ka\u017cda grupa mo\u017ce uruchomi\u0107 swoj\u0105 w\u0142asn\u0105 zak\u0142adk\u0119, w swoim w\u0142asnym j\u0119zyku, oferuj\u0105c pacjentom i lekarzom informacje na temat chor\u00f3b kom\u00f3rek tucznych, kontakt\u00f3w grup wsparcia i o\u015brodk\u00f3w leczenia w swojej okolicy.<\/p>\n<p>&nbsp;<\/p>\n<p style=\"text-align: center;\"><strong><span style=\"color: #ff00ff;\">&#8222;Po\u0142\u0105czmy si\u0119 aby zmieni\u0107 przysz\u0142o\u015b\u0107 &#8211; nasz\u0105 przysz\u0142o\u015b\u0107&#8221;<\/span> <\/strong><\/p>\n<p>Has\u0142o to powsta\u0142o w efekcie naszego d\u0105\u017cenia do celu, jakim jest \u0142\u0105czenie ludzi z ca\u0142ego \u015bwiata, naukowc\u00f3w, lekarzy oraz chorych i ich rodzin.<br \/>\nNasze nowe logo zosta\u0142o celowo wykonane tak, aby zawiera\u0142o zar\u00f3wno nazw\u0119 &#8222;mastocytoza&#8221;, jak i &#8222;choroby kom\u00f3rek tucznych&#8221; w tym samym rozmiarze czcionki, dla r\u00f3wnej reprezentacji wszystkich chor\u00f3b zwi\u0105zanych z mastocytami. Nasze logo przedstawia kom\u00f3rk\u0119 tuczn\u0105 w trakcie degranulacji. Kolor fioletowy zosta\u0142 wybrany, gdy\u017c u\u017cywany jest podczas wybarwiania mastocyt\u00f3w w badaniach laboratoryjnych .<\/p>\n<p style=\"text-align: center;\"><img loading=\"lazy\" decoding=\"async\" class=\"alignnone wp-image-260\" src=\"http:\/\/mastocytoza.e-ngo.pl\/wp-content\/uploads\/2018\/10\/Logo-pl-1-300x113.png\" alt=\"\" width=\"537\" height=\"202\" srcset=\"http:\/\/mastocytoza.e-ngo.pl\/wp-content\/uploads\/2018\/10\/Logo-pl-1-300x113.png 300w, http:\/\/mastocytoza.e-ngo.pl\/wp-content\/uploads\/2018\/10\/Logo-pl-1-768x290.png 768w, http:\/\/mastocytoza.e-ngo.pl\/wp-content\/uploads\/2018\/10\/Logo-pl-1.png 1024w\" sizes=\"auto, (max-width: 537px) 100vw, 537px\" \/><\/p>\n<p style=\"text-align: center;\">Wst\u0105\u017cka ma kropki reprezentuj\u0105ce plamki czy te\u017c kropki, kt\u00f3re wielu z nas ma na swojej sk\u00f3rze.<\/p>\n<p><img loading=\"lazy\" decoding=\"async\" class=\"aligncenter wp-image-236\" src=\"http:\/\/mastocytoza.e-ngo.pl\/wp-content\/uploads\/2018\/10\/Wst\u0105\u017cka-pl-212x300.jpg\" alt=\"\" width=\"329\" height=\"465\" \/><\/p>\n<p style=\"text-align: center;\"><span style=\"color: #ff00ff;\"><strong>\u015awi\u0119tujmy okazj\u0119 do wsp\u00f3lnej pracy nad zdrowsz\u0105 przysz\u0142o\u015bci\u0105 dla nas wszystkich!<\/strong><\/span><\/p>\n","protected":false},"excerpt":{"rendered":"<p>20 pa\u017adziernika jest pierwszym w historii Mi\u0119dzynarodowym Dniem Mastocytozy i Chor\u00f3b Kom\u00f3rek Tucznych Jeste\u015bmy bardzo szcz\u0119\u015bliwi i podekscytowani, \u017ce mo\u017cemy bra\u0107 udzia\u0142 w organizacji tego szczeg\u00f3lnego dla nas wszystkich dnia <a class=\"more-link\" href=\"http:\/\/mastocytoza.e-ngo.pl\/?p=230\">Read More &#8230;<\/a><\/p>\n","protected":false},"author":1,"featured_media":236,"comment_status":"open","ping_status":"open","sticky":false,"template":"","format":"link","meta":{"footnotes":""},"categories":[1],"tags":[],"class_list":["post-230","post","type-post","status-publish","format-link","has-post-thumbnail","hentry","category-bez-kategorii","post_format-post-format-link"],"_links":{"self":[{"href":"http:\/\/mastocytoza.e-ngo.pl\/index.php?rest_route=\/wp\/v2\/posts\/230","targetHints":{"allow":["GET"]}}],"collection":[{"href":"http:\/\/mastocytoza.e-ngo.pl\/index.php?rest_route=\/wp\/v2\/posts"}],"about":[{"href":"http:\/\/mastocytoza.e-ngo.pl\/index.php?rest_route=\/wp\/v2\/types\/post"}],"author":[{"embeddable":true,"href":"http:\/\/mastocytoza.e-ngo.pl\/index.php?rest_route=\/wp\/v2\/users\/1"}],"replies":[{"embeddable":true,"href":"http:\/\/mastocytoza.e-ngo.pl\/index.php?rest_route=%2Fwp%2Fv2%2Fcomments&post=230"}],"version-history":[{"count":35,"href":"http:\/\/mastocytoza.e-ngo.pl\/index.php?rest_route=\/wp\/v2\/posts\/230\/revisions"}],"predecessor-version":[{"id":266,"href":"http:\/\/mastocytoza.e-ngo.pl\/index.php?rest_route=\/wp\/v2\/posts\/230\/revisions\/266"}],"wp:featuredmedia":[{"embeddable":true,"href":"http:\/\/mastocytoza.e-ngo.pl\/index.php?rest_route=\/wp\/v2\/media\/236"}],"wp:attachment":[{"href":"http:\/\/mastocytoza.e-ngo.pl\/index.php?rest_route=%2Fwp%2Fv2%2Fmedia&parent=230"}],"wp:term":[{"taxonomy":"category","embeddable":true,"href":"http:\/\/mastocytoza.e-ngo.pl\/index.php?rest_route=%2Fwp%2Fv2%2Fcategories&post=230"},{"taxonomy":"post_tag","embeddable":true,"href":"http:\/\/mastocytoza.e-ngo.pl\/index.php?rest_route=%2Fwp%2Fv2%2Ftags&post=230"}],"curies":[{"name":"wp","href":"https:\/\/api.w.org\/{rel}","templated":true}]}}