{"id":324,"date":"2019-10-17T17:19:13","date_gmt":"2019-10-17T15:19:13","guid":{"rendered":"http:\/\/mastocytoza.e-ngo.pl\/?p=324"},"modified":"2019-10-17T18:51:32","modified_gmt":"2019-10-17T16:51:32","slug":"miedzynarodowy-dzien-mastocytozy-i-chorob-komorek-tucznych-20-pazdziernika-2019","status":"publish","type":"post","link":"http:\/\/mastocytoza.e-ngo.pl\/?p=324","title":{"rendered":"Mi\u0119dzynarodowy Dzie\u0144 Mastocytozy i Chor\u00f3b Kom\u00f3rek Tucznych 20 pa\u017adziernika 2019"},"content":{"rendered":"\n<p><\/p>\n\n\n\n<div class=\"wp-block-image\"><figure class=\"aligncenter is-resized\"><img loading=\"lazy\" decoding=\"async\" src=\"http:\/\/mastocytoza.e-ngo.pl\/wp-content\/uploads\/2018\/10\/Logo-pl-2-1024x744.png\" alt=\"\" class=\"wp-image-261\" width=\"347\" height=\"252\" srcset=\"http:\/\/mastocytoza.e-ngo.pl\/wp-content\/uploads\/2018\/10\/Logo-pl-2.png 1024w, http:\/\/mastocytoza.e-ngo.pl\/wp-content\/uploads\/2018\/10\/Logo-pl-2-300x218.png 300w, http:\/\/mastocytoza.e-ngo.pl\/wp-content\/uploads\/2018\/10\/Logo-pl-2-768x558.png 768w, http:\/\/mastocytoza.e-ngo.pl\/wp-content\/uploads\/2018\/10\/Logo-pl-2-206x150.png 206w\" sizes=\"auto, (max-width: 347px) 100vw, 347px\" \/><\/figure><\/div>\n\n\n<h3 style=\"text-align: center;\"><span style=\"color: #ff00ff;\"><strong data-rich-text-format-boundary=\"true\">Po\u0142\u0105czmy si\u0142y, aby zmieni\u0107 przysz\u0142o\u015b\u0107<\/strong> !<\/span><\/h3>\n<p>Dzie\u0144 mastocytozy i chor\u00f3b kom\u00f3rek tucznych ma na celu szerzenie wiedzy o grupie chor\u00f3b zwi\u0105zanych z nieprawid\u0142ow\u0105 prac\u0105 mastocyt\u00f3w czyli kom\u00f3rek tucznych. Ma on r\u00f3wnie\u017c na celu zwi\u0119kszenie \u015bwiadomo\u015bci w zakresie potrzeby dok\u0142adniejszej diagnostyki, lepszych metod leczenia, dalszych inwestycji w badania. To dzie\u0144, kt\u00f3ry ukazuje nadzieje pacjent\u00f3w na ca\u0142ym \u015bwiecie w walce o ich lepsz\u0105 przysz\u0142o\u015b\u0107.<\/p>\n<p style=\"text-align: center;\"><span style=\"color: #800080;\"><a style=\"color: #800080;\" href=\"https:\/\/mastocytosis-mcas.org\/awareness-day\/\">https:\/\/mastocytosis-mcas.org\/awareness-day\/<\/a><\/span><\/p>\n<p>Dzie\u0144 ten \u00a0jest wynikiem wsp\u00f3lnej decyzji oraz wsp\u00f3\u0142pracy 24 stowarzysze\u0144 i grup wsparcia z ca\u0142ego \u015bwiata. Pierwszy z nich zosta\u0142 upami\u0119tniony w 2018 roku. Jest to jeden dzie\u0144 w roku, w kt\u00f3rym nale\u017cy zwr\u00f3ci\u0107 szczeg\u00f3ln\u0105 uwag\u0119 na te rzadkie choroby. Dzie\u0144, kt\u00f3ry \u0142\u0105czy organizacje i stowarzyszenia, aby podkre\u015bli\u0107 wp\u0142yw chor\u00f3b na \u017cycie pacjent\u00f3w oraz znaczenie bada\u0144 i edukacji w akceptacji r\u00f3\u017cnorodno\u015bci.<\/p>\n<p>\u00a0<\/p>\n<h3 style=\"text-align: center;\"><span style=\"color: #ff00ff;\">Razem mo\u017cemy co\u015b zmieni\u0107!<\/span><\/h3>\n<p style=\"text-align: center;\">Wsp\u00f3\u0142pracuj\u0105c ze spo\u0142eczno\u015bci\u0105 medyczn\u0105, naszym celem jest stworzenie ZMIANY:<\/p>\n<p style=\"text-align: center;\">ZMIANA poprzez badania\u00a0 \ud83d\ude00<\/p>\n<p style=\"text-align: center;\">ZMIANA poprzez ulepszone zabiegi\u00a0 \ud83d\ude00<\/p>\n<p style=\"text-align: center;\">ZMIANA poprzez edukacj\u0119\u00a0 \ud83d\ude00<\/p>\n<p style=\"text-align: center;\">ZMIANA poprzez zrozumienie\u00a0 \ud83d\ude00<\/p>\n<p>\u00a0<\/p>\n<h4 style=\"text-align: center;\"><span style=\"color: #800080;\">Zach\u0119camy wszystkich do przy\u0142\u0105czenia si\u0119 <\/span><span style=\"color: #ff00ff;\"><span style=\"color: #800080;\">i wspierania nas w obchodach tego dnia !<\/span> <br \/><\/span><\/h4>\n<p style=\"text-align: center;\">Mo\u017cesz zaanga\u017cowa\u0107 si\u0119 na wiele sposob\u00f3w:<\/p>\n<h4 style=\"text-align: center;\"><span style=\"color: #ff00ff;\">Zmie\u0144 swoje zdj\u0119cie profilowe na Facebooku !<br \/><\/span><\/h4>\n<p>Przejd\u017a do\u00a0<a href=\"https:\/\/www.facebook.com\/profilepicframes\"><span style=\"color: #800080;\"> https:\/\/www.facebook.com\/profilepicframes.<\/span><\/a><\/p>\n<p>Wyszukaj \u201e\u015awiatowy dzie\u0144 mastocytozy i chor\u00f3b kom\u00f3rek tucznych\u201d lub \u201eMastocytoza 20 pa\u017adziernik\u201d. Wybierz ramk\u0119 i dostosuj w razie potrzeby. Kliknij &#8222;U\u017cyj jako zdj\u0119cie profilowe&#8221;.<\/p>\n<h4 style=\"text-align: center;\"><span style=\"color: #ff00ff;\">Podziel si\u0119 swoj\u0105 histori\u0105 z rodzin\u0105 i przyjaci\u00f3\u0142mi !<\/span><\/h4>\n<p>Cz\u0119sto rodzina i przyjaciele nie s\u0105 pewni w jaki spos\u00f3b nas wesprze\u0107. Mo\u017cemy im pom\u00f3c, dziel\u0105c si\u0119 informacjami na temat tej skomplikowanej choroby, wyja\u015bniaj\u0105c im w jaki spos\u00f3b choroba na nas wp\u0142ywa i pokazuj\u0105c im w jaki spos\u00f3b mog\u0105 nas wspiera\u0107.<\/p>\n<p>W ten dzie\u0144 \u015bwiadomo\u015bci zach\u0119camy do podzielenia si\u0119 swoj\u0105 histori\u0105 na w\u0142asnym profilu na Facebooku. Mo\u017cesz by\u0107 zaskoczony pozytywnymi komentarzami, pytaniami i wsparciem, kt\u00f3re otrzymujesz, dziel\u0105c si\u0119 swoim \u017cyciem z rzadk\u0105 chorob\u0105.<\/p>\n<h4 style=\"text-align: center;\"><span style=\"color: #ff00ff;\">Odwied\u017a nasz\u0105 stron\u0119 !<\/span><\/h4>\n<p>Do\u0142\u0105cz do naszej grupy na <span style=\"color: #800080;\"><a style=\"color: #800080;\" href=\"http:\/\/www.facebook.com\/groups\/mastocytoza\">Facebook<\/a><\/span> lub odwiedzaj nasz\u0105 stron\u0119 <span style=\"color: #800080;\"><a style=\"color: #800080;\" href=\"http:\/\/mastocytoza.e-ngo.pl\">www.mastocytoza.pl<\/a>,<\/span> aby by\u0107 informowanym o dzia\u0142aniach Stowarzyszenia Chorych na Mastocytoz\u0119.<\/p>\n<h3 style=\"text-align: center;\"><span style=\"color: #ff00ff;\">\u00a0<\/span><\/h3>\n\n\n<p style=\"text-align:left\"><\/p>\n","protected":false},"excerpt":{"rendered":"<p>Po\u0142\u0105czmy si\u0142y, aby zmieni\u0107 przysz\u0142o\u015b\u0107 ! Dzie\u0144 mastocytozy i chor\u00f3b kom\u00f3rek tucznych ma na celu szerzenie wiedzy o grupie chor\u00f3b zwi\u0105zanych z nieprawid\u0142ow\u0105 prac\u0105 mastocyt\u00f3w czyli kom\u00f3rek tucznych. Ma on <a class=\"more-link\" href=\"http:\/\/mastocytoza.e-ngo.pl\/?p=324\">Read More &#8230;<\/a><\/p>\n","protected":false},"author":1,"featured_media":236,"comment_status":"open","ping_status":"open","sticky":false,"template":"","format":"standard","meta":{"footnotes":""},"categories":[1],"tags":[13,5],"class_list":["post-324","post","type-post","status-publish","format-standard","has-post-thumbnail","hentry","category-bez-kategorii","tag-20pazdziernika","tag-mastocytoza"],"_links":{"self":[{"href":"http:\/\/mastocytoza.e-ngo.pl\/index.php?rest_route=\/wp\/v2\/posts\/324","targetHints":{"allow":["GET"]}}],"collection":[{"href":"http:\/\/mastocytoza.e-ngo.pl\/index.php?rest_route=\/wp\/v2\/posts"}],"about":[{"href":"http:\/\/mastocytoza.e-ngo.pl\/index.php?rest_route=\/wp\/v2\/types\/post"}],"author":[{"embeddable":true,"href":"http:\/\/mastocytoza.e-ngo.pl\/index.php?rest_route=\/wp\/v2\/users\/1"}],"replies":[{"embeddable":true,"href":"http:\/\/mastocytoza.e-ngo.pl\/index.php?rest_route=%2Fwp%2Fv2%2Fcomments&post=324"}],"version-history":[{"count":34,"href":"http:\/\/mastocytoza.e-ngo.pl\/index.php?rest_route=\/wp\/v2\/posts\/324\/revisions"}],"predecessor-version":[{"id":377,"href":"http:\/\/mastocytoza.e-ngo.pl\/index.php?rest_route=\/wp\/v2\/posts\/324\/revisions\/377"}],"wp:featuredmedia":[{"embeddable":true,"href":"http:\/\/mastocytoza.e-ngo.pl\/index.php?rest_route=\/wp\/v2\/media\/236"}],"wp:attachment":[{"href":"http:\/\/mastocytoza.e-ngo.pl\/index.php?rest_route=%2Fwp%2Fv2%2Fmedia&parent=324"}],"wp:term":[{"taxonomy":"category","embeddable":true,"href":"http:\/\/mastocytoza.e-ngo.pl\/index.php?rest_route=%2Fwp%2Fv2%2Fcategories&post=324"},{"taxonomy":"post_tag","embeddable":true,"href":"http:\/\/mastocytoza.e-ngo.pl\/index.php?rest_route=%2Fwp%2Fv2%2Ftags&post=324"}],"curies":[{"name":"wp","href":"https:\/\/api.w.org\/{rel}","templated":true}]}}